{"id":152,"date":"2018-04-24T14:25:32","date_gmt":"2018-04-24T17:25:32","guid":{"rendered":"http:\/\/necon.iesp.uerj.br\/?p=152"},"modified":"2018-04-24T14:25:32","modified_gmt":"2018-04-24T17:25:32","slug":"onde-os-votos-nascem-exercicios-na-ponta-do-lapis-sobre-a-identidade-petista","status":"publish","type":"post","link":"http:\/\/necon.iesp.uerj.br\/index.php\/onde-os-votos-nascem-exercicios-na-ponta-do-lapis-sobre-a-identidade-petista\/","title":{"rendered":"Onde os votos nascem (exerc\u00edcios na ponta do l\u00e1pis sobre a identidade petista)"},"content":{"rendered":"<p><strong>Pain\u00e9is Necon, mar\u00e7o de 2018.<\/strong><\/p>\n<p>por\u00a0Wanderley Guilherme dos Santos<\/p>\n<p>Escolhi estimular os colegas aficionados por exerc\u00edcios na ponta do l\u00e1pis, como dizia Gordon Tullock, apresentando dois deles, justamente utilizando informa\u00e7\u00f5es ainda n\u00e3o constantes do banco de dados do Necon, hoje inaugurado. O Partido dos Trabalhadores est\u00e1 privilegiado nos dois, mas os profissionais perceber\u00e3o que o m\u00e9todo utilizado e a argumenta\u00e7\u00e3o desenvolvida s\u00e3o v\u00e1lidos para a rela\u00e7\u00e3o eleitores\/partidos de todo o espectro pol\u00edtico. (&#8230;)<\/p>\n<p><a href=\"https:\/\/drive.google.com\/file\/d\/17Oj4xFs3idF4BpwdNyfWAkCWm6YsUS3z\/view?usp=sharing\">Texto completo<\/a>.<\/p>\n","protected":false},"excerpt":{"rendered":"<p>Pain\u00e9is Necon, mar\u00e7o de 2018. por\u00a0Wanderley Guilherme dos Santos Escolhi estimular os colegas aficionados por exerc\u00edcios na ponta do l\u00e1pis, como dizia Gordon Tullock, apresentando dois deles, justamente utilizando informa\u00e7\u00f5es ainda n\u00e3o constantes do banco de dados do Necon, hoje inaugurado. O Partido dos Trabalhadores est\u00e1 privilegiado nos dois, mas os profissionais perceber\u00e3o que o &hellip; <a href=\"http:\/\/necon.iesp.uerj.br\/index.php\/onde-os-votos-nascem-exercicios-na-ponta-do-lapis-sobre-a-identidade-petista\/\" class=\"more-link\">Continue lendo<span class=\"screen-reader-text\"> &#8220;Onde os votos nascem (exerc\u00edcios na ponta do l\u00e1pis sobre a identidade petista)&#8221;<\/span><\/a><\/p>\n","protected":false},"author":1,"featured_media":0,"comment_status":"open","ping_status":"open","sticky":false,"template":"","format":"standard","meta":{"_acf_changed":false,"footnotes":""},"categories":[2],"tags":[14],"class_list":["post-152","post","type-post","status-publish","format-standard","hentry","category-textos","tag-paineis-necon"],"acf":[],"_links":{"self":[{"href":"http:\/\/necon.iesp.uerj.br\/index.php\/wp-json\/wp\/v2\/posts\/152","targetHints":{"allow":["GET"]}}],"collection":[{"href":"http:\/\/necon.iesp.uerj.br\/index.php\/wp-json\/wp\/v2\/posts"}],"about":[{"href":"http:\/\/necon.iesp.uerj.br\/index.php\/wp-json\/wp\/v2\/types\/post"}],"author":[{"embeddable":true,"href":"http:\/\/necon.iesp.uerj.br\/index.php\/wp-json\/wp\/v2\/users\/1"}],"replies":[{"embeddable":true,"href":"http:\/\/necon.iesp.uerj.br\/index.php\/wp-json\/wp\/v2\/comments?post=152"}],"version-history":[{"count":1,"href":"http:\/\/necon.iesp.uerj.br\/index.php\/wp-json\/wp\/v2\/posts\/152\/revisions"}],"predecessor-version":[{"id":153,"href":"http:\/\/necon.iesp.uerj.br\/index.php\/wp-json\/wp\/v2\/posts\/152\/revisions\/153"}],"wp:attachment":[{"href":"http:\/\/necon.iesp.uerj.br\/index.php\/wp-json\/wp\/v2\/media?parent=152"}],"wp:term":[{"taxonomy":"category","embeddable":true,"href":"http:\/\/necon.iesp.uerj.br\/index.php\/wp-json\/wp\/v2\/categories?post=152"},{"taxonomy":"post_tag","embeddable":true,"href":"http:\/\/necon.iesp.uerj.br\/index.php\/wp-json\/wp\/v2\/tags?post=152"}],"curies":[{"name":"wp","href":"https:\/\/api.w.org\/{rel}","templated":true}]}}