{"id":162,"date":"2018-05-07T17:50:19","date_gmt":"2018-05-07T20:50:19","guid":{"rendered":"http:\/\/necon.iesp.uerj.br\/?p=162"},"modified":"2018-05-07T17:50:19","modified_gmt":"2018-05-07T20:50:19","slug":"onde-nascem-os-votos-ii","status":"publish","type":"post","link":"http:\/\/necon.iesp.uerj.br\/index.php\/onde-nascem-os-votos-ii\/","title":{"rendered":"ONDE NASCEM OS VOTOS II"},"content":{"rendered":"<p><strong>Pap\u00e9is Legislativos, maio de 2018.<\/strong><\/p>\n<p style=\"text-align: right;\">Por Wanderley Guilherme dos Santos<\/p>\n<p>A elei\u00e7\u00e3o direta para presidente da Rep\u00fablica, em 1989, n\u00e3o se qualifica como normal, t\u00edpica, cr\u00edtica, ou qualquer padr\u00e3o comparativo, nem mesmo com elei\u00e7\u00f5es disputadas depois de longo tempo de exce\u00e7\u00e3o, seja a elei\u00e7\u00e3o em 1945, p\u00f3s-ditadura getulista, ou o pr\u00e9 retrocesso outonal em seguida \u00e0 Primavera \u00e1rabe. O grande n\u00famero de candidatos perfilados no primeiro turno, entre os quais nomes consagrados na luta contra a ditadura, terminaram surpresos com o resultado de que o vencedor s\u00f3 seria conhecido depois de um segundo turno, confrontando um mete\u00f3rico e estabanado outsider, Fernando Collor, e um torneiro mec\u00e2nico, Luiz In\u00e1cio Lula da Silva, barbudo e, conforme as camisetas, enfezado. (&#8230;)<\/p>\n<p><a href=\"http:\/\/necon.iesp.uerj.br\/wp-content\/uploads\/2018\/05\/ONDE-NASCEM-OS-VOTOS-II_PDF.pdf\">TEXTO COMPLETO<\/a><\/p>\n","protected":false},"excerpt":{"rendered":"<p>Pap\u00e9is Legislativos, maio de 2018. Por Wanderley Guilherme dos Santos A elei\u00e7\u00e3o direta para presidente da Rep\u00fablica, em 1989, n\u00e3o se qualifica como normal, t\u00edpica, cr\u00edtica, ou qualquer padr\u00e3o comparativo, nem mesmo com elei\u00e7\u00f5es disputadas depois de longo tempo de exce\u00e7\u00e3o, seja a elei\u00e7\u00e3o em 1945, p\u00f3s-ditadura getulista, ou o pr\u00e9 retrocesso outonal em seguida &hellip; <a href=\"http:\/\/necon.iesp.uerj.br\/index.php\/onde-nascem-os-votos-ii\/\" class=\"more-link\">Continue lendo<span class=\"screen-reader-text\"> &#8220;ONDE NASCEM OS VOTOS II&#8221;<\/span><\/a><\/p>\n","protected":false},"author":1,"featured_media":0,"comment_status":"open","ping_status":"open","sticky":false,"template":"","format":"standard","meta":{"_acf_changed":false,"footnotes":""},"categories":[2],"tags":[13],"class_list":["post-162","post","type-post","status-publish","format-standard","hentry","category-textos","tag-papeis-legislativos"],"acf":[],"_links":{"self":[{"href":"http:\/\/necon.iesp.uerj.br\/index.php\/wp-json\/wp\/v2\/posts\/162","targetHints":{"allow":["GET"]}}],"collection":[{"href":"http:\/\/necon.iesp.uerj.br\/index.php\/wp-json\/wp\/v2\/posts"}],"about":[{"href":"http:\/\/necon.iesp.uerj.br\/index.php\/wp-json\/wp\/v2\/types\/post"}],"author":[{"embeddable":true,"href":"http:\/\/necon.iesp.uerj.br\/index.php\/wp-json\/wp\/v2\/users\/1"}],"replies":[{"embeddable":true,"href":"http:\/\/necon.iesp.uerj.br\/index.php\/wp-json\/wp\/v2\/comments?post=162"}],"version-history":[{"count":2,"href":"http:\/\/necon.iesp.uerj.br\/index.php\/wp-json\/wp\/v2\/posts\/162\/revisions"}],"predecessor-version":[{"id":165,"href":"http:\/\/necon.iesp.uerj.br\/index.php\/wp-json\/wp\/v2\/posts\/162\/revisions\/165"}],"wp:attachment":[{"href":"http:\/\/necon.iesp.uerj.br\/index.php\/wp-json\/wp\/v2\/media?parent=162"}],"wp:term":[{"taxonomy":"category","embeddable":true,"href":"http:\/\/necon.iesp.uerj.br\/index.php\/wp-json\/wp\/v2\/categories?post=162"},{"taxonomy":"post_tag","embeddable":true,"href":"http:\/\/necon.iesp.uerj.br\/index.php\/wp-json\/wp\/v2\/tags?post=162"}],"curies":[{"name":"wp","href":"https:\/\/api.w.org\/{rel}","templated":true}]}}