{"id":408,"date":"2021-04-28T17:48:57","date_gmt":"2021-04-28T20:48:57","guid":{"rendered":"http:\/\/necon.iesp.uerj.br\/?p=408"},"modified":"2021-04-28T17:51:00","modified_gmt":"2021-04-28T20:51:00","slug":"eleicoes-2018-e-a-crise-da-democracia-brasileira","status":"publish","type":"post","link":"http:\/\/necon.iesp.uerj.br\/index.php\/eleicoes-2018-e-a-crise-da-democracia-brasileira\/","title":{"rendered":"Elei\u00e7\u00f5es 2018 e a crise da democracia brasileira"},"content":{"rendered":"<p>SANTOS, FABIANO; PAULA, C. A.. Legislativo. In: Carolina de Paula; Jo\u00e3o Feres J\u00fanior. (Org.). <strong>Elei\u00e7\u00f5es 2018 e a Crise Da Democracia Brasileira<\/strong>. 1ed. Curitiba: Appris, 2019, v. 1, p. 13-15.<\/p>\n","protected":false},"excerpt":{"rendered":"<p>SANTOS, FABIANO; PAULA, C. A.. Legislativo. In: Carolina de Paula; Jo\u00e3o Feres J\u00fanior. (Org.). Elei\u00e7\u00f5es 2018 e a Crise Da Democracia Brasileira. 1ed. Curitiba: Appris, 2019, v. 1, p. 13-15.<\/p>\n","protected":false},"author":1,"featured_media":0,"comment_status":"open","ping_status":"open","sticky":false,"template":"","format":"standard","meta":{"_acf_changed":false,"footnotes":""},"categories":[10],"tags":[],"class_list":["post-408","post","type-post","status-publish","format-standard","hentry","category-producoes_academicas"],"acf":[],"_links":{"self":[{"href":"http:\/\/necon.iesp.uerj.br\/index.php\/wp-json\/wp\/v2\/posts\/408","targetHints":{"allow":["GET"]}}],"collection":[{"href":"http:\/\/necon.iesp.uerj.br\/index.php\/wp-json\/wp\/v2\/posts"}],"about":[{"href":"http:\/\/necon.iesp.uerj.br\/index.php\/wp-json\/wp\/v2\/types\/post"}],"author":[{"embeddable":true,"href":"http:\/\/necon.iesp.uerj.br\/index.php\/wp-json\/wp\/v2\/users\/1"}],"replies":[{"embeddable":true,"href":"http:\/\/necon.iesp.uerj.br\/index.php\/wp-json\/wp\/v2\/comments?post=408"}],"version-history":[{"count":3,"href":"http:\/\/necon.iesp.uerj.br\/index.php\/wp-json\/wp\/v2\/posts\/408\/revisions"}],"predecessor-version":[{"id":411,"href":"http:\/\/necon.iesp.uerj.br\/index.php\/wp-json\/wp\/v2\/posts\/408\/revisions\/411"}],"wp:attachment":[{"href":"http:\/\/necon.iesp.uerj.br\/index.php\/wp-json\/wp\/v2\/media?parent=408"}],"wp:term":[{"taxonomy":"category","embeddable":true,"href":"http:\/\/necon.iesp.uerj.br\/index.php\/wp-json\/wp\/v2\/categories?post=408"},{"taxonomy":"post_tag","embeddable":true,"href":"http:\/\/necon.iesp.uerj.br\/index.php\/wp-json\/wp\/v2\/tags?post=408"}],"curies":[{"name":"wp","href":"https:\/\/api.w.org\/{rel}","templated":true}]}}