{"id":430,"date":"2021-04-28T17:45:39","date_gmt":"2021-04-28T20:45:39","guid":{"rendered":"http:\/\/necon.iesp.uerj.br\/?p=430"},"modified":"2021-04-28T21:18:17","modified_gmt":"2021-04-29T00:18:17","slug":"livro-poder-de-agenda","status":"publish","type":"post","link":"http:\/\/necon.iesp.uerj.br\/index.php\/livro-poder-de-agenda\/","title":{"rendered":"[Livro] &#8220;Poder de agenda&#8221; &#8211; de Fabiano Santos e Mariana Borges"},"content":{"rendered":"<p>Este ensaio tem como principal objetivo apresentar o conceito de poder de agenda e como este tem sido utilizado na an\u00e1lise pol\u00edtica moderna. A no\u00e7\u00e3o de poder de agenda \u00e9 central nas an\u00e1lises de processos democr\u00e1ticos, sendo como \u00e9 elemento decisivo para o sucesso de uma democracia. Quando o processo pol\u00edtico envolve escolhas coletivas atrav\u00e9s do voto, do convencimento e do exerc\u00edcio da influ\u00eancia em larga escala, o poder de agenda joga papel central.<\/p>\n<p><a href=\"https:\/\/repositorio.enap.gov.br\/handle\/1\/3336\"><img fetchpriority=\"high\" decoding=\"async\" class=\"aligncenter wp-image-431\" src=\"http:\/\/necon.iesp.uerj.br\/wp-content\/uploads\/2021\/04\/Poder-de-agenda-1.png\" alt=\"\" width=\"500\" height=\"713\" srcset=\"http:\/\/necon.iesp.uerj.br\/wp-content\/uploads\/2021\/04\/Poder-de-agenda-1.png 567w, http:\/\/necon.iesp.uerj.br\/wp-content\/uploads\/2021\/04\/Poder-de-agenda-1-211x300.png 211w\" sizes=\"(max-width: 500px) 85vw, 500px\" \/><\/a><\/p>\n<p>&nbsp;<\/p>\n<p>SANTOS, Fabiano; BORGES, Mariana. <strong>Poder de agenda<\/strong>. 1. ed. Bras\u00edlia: ENAP, 2018. v.1. 105p.<\/p>\n","protected":false},"excerpt":{"rendered":"<p>Este ensaio tem como principal objetivo apresentar o conceito de poder de agenda e como este tem sido utilizado na an\u00e1lise pol\u00edtica moderna. A no\u00e7\u00e3o de poder de agenda \u00e9 central nas an\u00e1lises de processos democr\u00e1ticos, sendo como \u00e9 elemento decisivo para o sucesso de uma democracia. Quando o processo pol\u00edtico envolve escolhas coletivas atrav\u00e9s &hellip; <a href=\"http:\/\/necon.iesp.uerj.br\/index.php\/livro-poder-de-agenda\/\" class=\"more-link\">Continue lendo<span class=\"screen-reader-text\"> &#8220;[Livro] &#8220;Poder de agenda&#8221; &#8211; de Fabiano Santos e Mariana Borges&#8221;<\/span><\/a><\/p>\n","protected":false},"author":1,"featured_media":0,"comment_status":"open","ping_status":"open","sticky":false,"template":"","format":"standard","meta":{"_acf_changed":false,"footnotes":""},"categories":[32,10],"tags":[],"class_list":["post-430","post","type-post","status-publish","format-standard","hentry","category-livros","category-producoes_academicas"],"acf":[],"_links":{"self":[{"href":"http:\/\/necon.iesp.uerj.br\/index.php\/wp-json\/wp\/v2\/posts\/430","targetHints":{"allow":["GET"]}}],"collection":[{"href":"http:\/\/necon.iesp.uerj.br\/index.php\/wp-json\/wp\/v2\/posts"}],"about":[{"href":"http:\/\/necon.iesp.uerj.br\/index.php\/wp-json\/wp\/v2\/types\/post"}],"author":[{"embeddable":true,"href":"http:\/\/necon.iesp.uerj.br\/index.php\/wp-json\/wp\/v2\/users\/1"}],"replies":[{"embeddable":true,"href":"http:\/\/necon.iesp.uerj.br\/index.php\/wp-json\/wp\/v2\/comments?post=430"}],"version-history":[{"count":5,"href":"http:\/\/necon.iesp.uerj.br\/index.php\/wp-json\/wp\/v2\/posts\/430\/revisions"}],"predecessor-version":[{"id":441,"href":"http:\/\/necon.iesp.uerj.br\/index.php\/wp-json\/wp\/v2\/posts\/430\/revisions\/441"}],"wp:attachment":[{"href":"http:\/\/necon.iesp.uerj.br\/index.php\/wp-json\/wp\/v2\/media?parent=430"}],"wp:term":[{"taxonomy":"category","embeddable":true,"href":"http:\/\/necon.iesp.uerj.br\/index.php\/wp-json\/wp\/v2\/categories?post=430"},{"taxonomy":"post_tag","embeddable":true,"href":"http:\/\/necon.iesp.uerj.br\/index.php\/wp-json\/wp\/v2\/tags?post=430"}],"curies":[{"name":"wp","href":"https:\/\/api.w.org\/{rel}","templated":true}]}}