{"id":89,"date":"2020-11-30T20:37:52","date_gmt":"2020-11-30T22:37:52","guid":{"rendered":"http:\/\/18.217.116.82\/?p=89"},"modified":"2020-11-30T21:01:25","modified_gmt":"2020-11-30T23:01:25","slug":"dados-legislativos","status":"publish","type":"post","link":"http:\/\/necon.iesp.uerj.br\/index.php\/dados-legislativos\/","title":{"rendered":"Dados legislativos"},"content":{"rendered":"<p>Acervo de dados do Congresso Nacional coletados e organizados pelo NECON.<\/p>\n<ul>\n<li>Vota\u00e7\u00f5es nominais na C\u00e2mara dos Deputados (<a href=\"http:\/\/necon.iesp.uerj.br\/wp-content\/uploads\/2020\/04\/Votes46-64.zip\">1946-64<\/a>).<\/li>\n<li>Vota\u00e7\u00f5es nominais e orienta\u00e7\u00f5es de lideran\u00e7a na C\u00e2mara dos Deputados (1999-2020). <a href=\"http:\/\/necon.iesp.uerj.br\/wp-content\/uploads\/2020\/11\/VotCam9920.zip\">Vers\u00e3o1.0<\/a>. <a href=\"http:\/\/necon.iesp.uerj.br\/wp-content\/uploads\/2020\/11\/votacoesCamara-2020-11-29-.zip\">Vers\u00e3o2.0<\/a>.<\/li>\n<li>Vota\u00e7\u00f5es nominais no <a href=\"http:\/\/necon.iesp.uerj.br\/wp-content\/uploads\/2020\/11\/votos-nominais-senado2020-11-29.zip\">Senado Federal<\/a>.<\/li>\n<li>Proposi\u00e7\u00f5es legislativas de iniciativa do Poder Executivo (<a href=\"http:\/\/necon.iesp.uerj.br\/wp-content\/uploads\/2020\/11\/projetos-iniciativa-executivo-desde-1995.zip\">1995-2020<\/a>).<\/li>\n<li>Migra\u00e7\u00f5es partid\u00e1rias na C\u00e2mara dos Deputados (<a href=\"http:\/\/necon.iesp.uerj.br\/wp-content\/uploads\/2020\/11\/migracoes-2003-2014.zip\">2003-2014<\/a>).<\/li>\n<li>Comiss\u00f5es permanentes na C\u00e2mara dos Deputados (<a href=\"http:\/\/necon.iesp.uerj.br\/wp-content\/uploads\/2020\/11\/comissoes-Camara-1999-2011.zip\">1999-2011<\/a>).<\/li>\n<\/ul>\n<p>Fale conosco para maiores informa\u00e7\u00f5es, dados complementares e acesso a todo nosso material.<\/p>\n","protected":false},"excerpt":{"rendered":"<p>Acervo de dados do Congresso Nacional coletados e organizados pelo NECON. Vota\u00e7\u00f5es nominais na C\u00e2mara dos Deputados (1946-64). Vota\u00e7\u00f5es nominais e orienta\u00e7\u00f5es de lideran\u00e7a na C\u00e2mara dos Deputados (1999-2020). Vers\u00e3o1.0. Vers\u00e3o2.0. Vota\u00e7\u00f5es nominais no Senado Federal. Proposi\u00e7\u00f5es legislativas de iniciativa do Poder Executivo (1995-2020). Migra\u00e7\u00f5es partid\u00e1rias na C\u00e2mara dos Deputados (2003-2014). Comiss\u00f5es permanentes na C\u00e2mara &hellip; <a href=\"http:\/\/necon.iesp.uerj.br\/index.php\/dados-legislativos\/\" class=\"more-link\">Continue lendo<span class=\"screen-reader-text\"> &#8220;Dados legislativos&#8221;<\/span><\/a><\/p>\n","protected":false},"author":1,"featured_media":0,"comment_status":"open","ping_status":"open","sticky":false,"template":"","format":"standard","meta":{"_acf_changed":false,"footnotes":""},"categories":[3],"tags":[],"class_list":["post-89","post","type-post","status-publish","format-standard","hentry","category-base-de-dados"],"acf":[],"_links":{"self":[{"href":"http:\/\/necon.iesp.uerj.br\/index.php\/wp-json\/wp\/v2\/posts\/89","targetHints":{"allow":["GET"]}}],"collection":[{"href":"http:\/\/necon.iesp.uerj.br\/index.php\/wp-json\/wp\/v2\/posts"}],"about":[{"href":"http:\/\/necon.iesp.uerj.br\/index.php\/wp-json\/wp\/v2\/types\/post"}],"author":[{"embeddable":true,"href":"http:\/\/necon.iesp.uerj.br\/index.php\/wp-json\/wp\/v2\/users\/1"}],"replies":[{"embeddable":true,"href":"http:\/\/necon.iesp.uerj.br\/index.php\/wp-json\/wp\/v2\/comments?post=89"}],"version-history":[{"count":14,"href":"http:\/\/necon.iesp.uerj.br\/index.php\/wp-json\/wp\/v2\/posts\/89\/revisions"}],"predecessor-version":[{"id":344,"href":"http:\/\/necon.iesp.uerj.br\/index.php\/wp-json\/wp\/v2\/posts\/89\/revisions\/344"}],"wp:attachment":[{"href":"http:\/\/necon.iesp.uerj.br\/index.php\/wp-json\/wp\/v2\/media?parent=89"}],"wp:term":[{"taxonomy":"category","embeddable":true,"href":"http:\/\/necon.iesp.uerj.br\/index.php\/wp-json\/wp\/v2\/categories?post=89"},{"taxonomy":"post_tag","embeddable":true,"href":"http:\/\/necon.iesp.uerj.br\/index.php\/wp-json\/wp\/v2\/tags?post=89"}],"curies":[{"name":"wp","href":"https:\/\/api.w.org\/{rel}","templated":true}]}}